{"id":50,"date":"2011-05-04T06:19:06","date_gmt":"2011-05-03T18:19:06","guid":{"rendered":"https:\/\/blog.shade.sh\/?p=50"},"modified":"2011-05-04T06:28:33","modified_gmt":"2011-05-03T18:28:33","slug":"vertex-3-os-x-10-6-trim","status":"publish","type":"post","link":"https:\/\/blog.shade.sh\/index.php\/archive\/50","title":{"rendered":"Vertex 3 + OS X 10.6 + Trim"},"content":{"rendered":"<p>Ist keine gute Kombination! Zumindest hier nicht. Mac SSD Junkies kennen bestimmt die Application, die Trim f\u00fcr jede SSD unter 10.6 und 10.7 einschaltet, dazu wird eine Kernel Extension modifiziert, so dass sich auch SSD&#8217;s anderer Hersteller mit Trim nutzen lassen.<\/p>\n<p>Ich bin ja stolzer Besitzer einer Vertex 3 120GB auf dem aktuellen MacBook Pro 8,2. Als ich vor einigen Tagen die Trim Funkionalit\u00e4t mit dem Trim-Enabler aktiviert habe sah alles gut aus, doch nach einigen Tagen bemerkte ich, wie das OS X immer mal eine BeachBall Denkpause einlegen musste. Auch nach einem Reboot dauerte es manchmal l\u00e4nger als sonst bis das System vollst\u00e4ndig zu Verf\u00fcgung stand. Ende der Geschichte, entweder der aktuelle Trim Software Stand von Apple ist nicht auf Fremde SSD&#8217;s optimiert oder die Vertex SSD kommt damit nicht klar. Trim ausgeschaltet und gewohnte Ergebnisse! Also, erst mal Finger weg vom inoffiziellen Trim Support in OS X, mal sehen vieleicht bringt ja 10.7 Final Trim f\u00fcr alle SSD&#8217;s \ud83d\ude09<\/p>\n","protected":false},"excerpt":{"rendered":"<p>Ist keine gute Kombination! Zumindest hier nicht. Mac SSD Junkies kennen bestimmt die Application, die Trim f\u00fcr jede SSD unter 10.6 und 10.7 einschaltet, dazu wird eine Kernel Extension modifiziert, so dass sich auch SSD&#8217;s anderer Hersteller mit Trim nutzen &hellip;<\/p>\n<p class=\"read-more\"><a href=\"https:\/\/blog.shade.sh\/index.php\/archive\/50\">Read more &raquo;<\/a><\/p>\n","protected":false},"author":1,"featured_media":51,"comment_status":"open","ping_status":"open","sticky":false,"template":"","format":"standard","meta":{"footnotes":""},"categories":[3,4],"tags":[6,16,7,8,10,23],"class_list":["post-50","post","type-post","status-publish","format-standard","has-post-thumbnail","hentry","category-apple","category-ssd","tag-apple-2","tag-bug","tag-macbook-pro","tag-ocz","tag-ssd-2","tag-trim"],"_links":{"self":[{"href":"https:\/\/blog.shade.sh\/index.php\/wp-json\/wp\/v2\/posts\/50","targetHints":{"allow":["GET"]}}],"collection":[{"href":"https:\/\/blog.shade.sh\/index.php\/wp-json\/wp\/v2\/posts"}],"about":[{"href":"https:\/\/blog.shade.sh\/index.php\/wp-json\/wp\/v2\/types\/post"}],"author":[{"embeddable":true,"href":"https:\/\/blog.shade.sh\/index.php\/wp-json\/wp\/v2\/users\/1"}],"replies":[{"embeddable":true,"href":"https:\/\/blog.shade.sh\/index.php\/wp-json\/wp\/v2\/comments?post=50"}],"version-history":[{"count":6,"href":"https:\/\/blog.shade.sh\/index.php\/wp-json\/wp\/v2\/posts\/50\/revisions"}],"predecessor-version":[{"id":57,"href":"https:\/\/blog.shade.sh\/index.php\/wp-json\/wp\/v2\/posts\/50\/revisions\/57"}],"wp:featuredmedia":[{"embeddable":true,"href":"https:\/\/blog.shade.sh\/index.php\/wp-json\/wp\/v2\/media\/51"}],"wp:attachment":[{"href":"https:\/\/blog.shade.sh\/index.php\/wp-json\/wp\/v2\/media?parent=50"}],"wp:term":[{"taxonomy":"category","embeddable":true,"href":"https:\/\/blog.shade.sh\/index.php\/wp-json\/wp\/v2\/categories?post=50"},{"taxonomy":"post_tag","embeddable":true,"href":"https:\/\/blog.shade.sh\/index.php\/wp-json\/wp\/v2\/tags?post=50"}],"curies":[{"name":"wp","href":"https:\/\/api.w.org\/{rel}","templated":true}]}}